{"id":9779,"date":"2024-11-22T12:06:18","date_gmt":"2024-11-22T15:06:18","guid":{"rendered":"https:\/\/ege.exactas.uba.ar\/?p=9779"},"modified":"2025-11-26T09:54:00","modified_gmt":"2025-11-26T12:54:00","slug":"proyeccion-de-por-el-parana","status":"publish","type":"post","link":"https:\/\/ege.exactas.uba.ar\/index.php\/2024\/11\/22\/proyeccion-de-por-el-parana\/","title":{"rendered":"Proyecci\u00f3n del documental &#8220;POR EL PARAN\u00c1, la disputa por el r\u00edo&#8221;"},"content":{"rendered":"\t\t<div data-elementor-type=\"wp-post\" data-elementor-id=\"9779\" class=\"elementor elementor-9779\">\n\t\t\t\t<div class=\"elementor-element elementor-element-9981e35 e-con-full e-flex e-con e-parent\" data-id=\"9981e35\" data-element_type=\"container\" data-e-type=\"container\" data-settings=\"{&quot;background_background&quot;:&quot;slideshow&quot;,&quot;background_slideshow_gallery&quot;:[{&quot;id&quot;:129,&quot;url&quot;:&quot;https:\\\/\\\/ege.exactas.uba.ar\\\/wp-content\\\/uploads\\\/2025\\\/09\\\/Wallpaper-Exactas-15.jpg&quot;},{&quot;id&quot;:301,&quot;url&quot;:&quot;https:\\\/\\\/ege.exactas.uba.ar\\\/wp-content\\\/uploads\\\/2025\\\/09\\\/facunoreste-e1763646495813.jpg&quot;},{&quot;id&quot;:305,&quot;url&quot;:&quot;https:\\\/\\\/ege.exactas.uba.ar\\\/wp-content\\\/uploads\\\/2025\\\/09\\\/Wallpaper-Exactas-7-e1763647075908.jpg&quot;}],&quot;background_slideshow_slide_duration&quot;:6000,&quot;background_slideshow_transition_duration&quot;:1500,&quot;background_slideshow_lazyload&quot;:&quot;yes&quot;,&quot;background_slideshow_ken_burns&quot;:&quot;yes&quot;,&quot;background_slideshow_ken_burns_zoom_direction&quot;:&quot;out&quot;,&quot;background_slideshow_loop&quot;:&quot;yes&quot;,&quot;background_slideshow_slide_transition&quot;:&quot;fade&quot;}\">\n\t\t<div class=\"elementor-element elementor-element-193eee4 e-flex e-con-boxed e-con e-child\" data-id=\"193eee4\" data-element_type=\"container\" data-e-type=\"container\">\n\t\t\t\t\t<div class=\"e-con-inner\">\n\t\t\t\t<div class=\"elementor-element elementor-element-a4febe4 elementor-widget__width-initial elementor-widget elementor-widget-heading\" data-id=\"a4febe4\" data-element_type=\"widget\" data-e-type=\"widget\" data-widget_type=\"heading.default\">\n\t\t\t\t\t<h2 class=\"elementor-heading-title elementor-size-default\">Documental: Por el Paran\u00e1<\/h2>\t\t\t\t<\/div>\n\t\t\t\t\t<\/div>\n\t\t\t\t<\/div>\n\t\t<div class=\"elementor-element elementor-element-0b18c87 e-con-full e-flex e-con e-child\" data-id=\"0b18c87\" data-element_type=\"container\" data-e-type=\"container\">\n\t\t\t\t<div class=\"elementor-element elementor-element-5765639 elementor-shape-circle elementor-grid-0 e-grid-align-center elementor-widget elementor-widget-social-icons\" data-id=\"5765639\" data-element_type=\"widget\" data-e-type=\"widget\" data-widget_type=\"social-icons.default\">\n\t\t\t\t\t\t\t<div class=\"elementor-social-icons-wrapper elementor-grid\" role=\"list\">\n\t\t\t\t\t\t\t<span class=\"elementor-grid-item\" role=\"listitem\">\n\t\t\t\t\t<a class=\"elementor-icon elementor-social-icon elementor-social-icon-instagram elementor-repeater-item-3829a6c\" href=\"https:\/\/www.instagram.com\/ege.iegeba\/\" target=\"_blank\">\n\t\t\t\t\t\t<span class=\"elementor-screen-only\">Instagram<\/span>\n\t\t\t\t\t\t<svg aria-hidden=\"true\" class=\"e-font-icon-svg e-fab-instagram\" viewBox=\"0 0 448 512\" xmlns=\"http:\/\/www.w3.org\/2000\/svg\"><path d=\"M224.1 141c-63.6 0-114.9 51.3-114.9 114.9s51.3 114.9 114.9 114.9S339 319.5 339 255.9 287.7 141 224.1 141zm0 189.6c-41.1 0-74.7-33.5-74.7-74.7s33.5-74.7 74.7-74.7 74.7 33.5 74.7 74.7-33.6 74.7-74.7 74.7zm146.4-194.3c0 14.9-12 26.8-26.8 26.8-14.9 0-26.8-12-26.8-26.8s12-26.8 26.8-26.8 26.8 12 26.8 26.8zm76.1 27.2c-1.7-35.9-9.9-67.7-36.2-93.9-26.2-26.2-58-34.4-93.9-36.2-37-2.1-147.9-2.1-184.9 0-35.8 1.7-67.6 9.9-93.9 36.1s-34.4 58-36.2 93.9c-2.1 37-2.1 147.9 0 184.9 1.7 35.9 9.9 67.7 36.2 93.9s58 34.4 93.9 36.2c37 2.1 147.9 2.1 184.9 0 35.9-1.7 67.7-9.9 93.9-36.2 26.2-26.2 34.4-58 36.2-93.9 2.1-37 2.1-147.8 0-184.8zM398.8 388c-7.8 19.6-22.9 34.7-42.6 42.6-29.5 11.7-99.5 9-132.1 9s-102.7 2.6-132.1-9c-19.6-7.8-34.7-22.9-42.6-42.6-11.7-29.5-9-99.5-9-132.1s-2.6-102.7 9-132.1c7.8-19.6 22.9-34.7 42.6-42.6 29.5-11.7 99.5-9 132.1-9s102.7-2.6 132.1 9c19.6 7.8 34.7 22.9 42.6 42.6 11.7 29.5 9 99.5 9 132.1s2.7 102.7-9 132.1z\"><\/path><\/svg>\t\t\t\t\t<\/a>\n\t\t\t\t<\/span>\n\t\t\t\t\t\t\t<span class=\"elementor-grid-item\" role=\"listitem\">\n\t\t\t\t\t<a class=\"elementor-icon elementor-social-icon elementor-social-icon-youtube elementor-repeater-item-16f9fa3\" href=\"https:\/\/www.youtube.com\/@ecologiageneticayevolucion8781\" target=\"_blank\">\n\t\t\t\t\t\t<span class=\"elementor-screen-only\">Youtube<\/span>\n\t\t\t\t\t\t<svg aria-hidden=\"true\" class=\"e-font-icon-svg e-fab-youtube\" viewBox=\"0 0 576 512\" xmlns=\"http:\/\/www.w3.org\/2000\/svg\"><path d=\"M549.655 124.083c-6.281-23.65-24.787-42.276-48.284-48.597C458.781 64 288 64 288 64S117.22 64 74.629 75.486c-23.497 6.322-42.003 24.947-48.284 48.597-11.412 42.867-11.412 132.305-11.412 132.305s0 89.438 11.412 132.305c6.281 23.65 24.787 41.5 48.284 47.821C117.22 448 288 448 288 448s170.78 0 213.371-11.486c23.497-6.321 42.003-24.171 48.284-47.821 11.412-42.867 11.412-132.305 11.412-132.305s0-89.438-11.412-132.305zm-317.51 213.508V175.185l142.739 81.205-142.739 81.201z\"><\/path><\/svg>\t\t\t\t\t<\/a>\n\t\t\t\t<\/span>\n\t\t\t\t\t\t\t<span class=\"elementor-grid-item\" role=\"listitem\">\n\t\t\t\t\t<a class=\"elementor-icon elementor-social-icon elementor-social-icon-facebook elementor-repeater-item-a7c568c\" href=\"https:\/\/www.facebook.com\/comunicacion.ege.iegeba\" target=\"_blank\">\n\t\t\t\t\t\t<span class=\"elementor-screen-only\">Facebook<\/span>\n\t\t\t\t\t\t<svg aria-hidden=\"true\" class=\"e-font-icon-svg e-fab-facebook\" viewBox=\"0 0 512 512\" xmlns=\"http:\/\/www.w3.org\/2000\/svg\"><path d=\"M504 256C504 119 393 8 256 8S8 119 8 256c0 123.78 90.69 226.38 209.25 245V327.69h-63V256h63v-54.64c0-62.15 37-96.48 93.67-96.48 27.14 0 55.52 4.84 55.52 4.84v61h-31.28c-30.8 0-40.41 19.12-40.41 38.73V256h68.78l-11 71.69h-57.78V501C413.31 482.38 504 379.78 504 256z\"><\/path><\/svg>\t\t\t\t\t<\/a>\n\t\t\t\t<\/span>\n\t\t\t\t\t<\/div>\n\t\t\t\t\t\t<\/div>\n\t\t<div class=\"elementor-element elementor-element-01af50b e-con-full elementor-hidden-tablet elementor-hidden-mobile e-flex e-con e-child\" data-id=\"01af50b\" data-element_type=\"container\" data-e-type=\"container\">\n\t\t\t\t<div class=\"elementor-element elementor-element-1b83469 elementor-widget elementor-widget-image\" data-id=\"1b83469\" data-element_type=\"widget\" data-e-type=\"widget\" data-widget_type=\"image.default\">\n\t\t\t\t\t\t\t\t\t\t\t\t\t\t\t<img decoding=\"async\" width=\"150\" height=\"150\" src=\"https:\/\/ege.exactas.uba.ar\/wp-content\/uploads\/2025\/09\/logo-mini-250X250-e1757987013995-150x150.png\" class=\"attachment-thumbnail size-thumbnail wp-image-16\" alt=\"Logo Mini EGE IEGEBA\" \/>\t\t\t\t\t\t\t\t\t\t\t\t\t\t\t<\/div>\n\t\t\t\t<\/div>\n\t\t\t\t<\/div>\n\t\t\t\t<\/div>\n\t\t<div class=\"elementor-element elementor-element-a5a570c e-flex e-con-boxed e-con e-parent\" data-id=\"a5a570c\" data-element_type=\"container\" data-e-type=\"container\">\n\t\t\t\t\t<div class=\"e-con-inner\">\n\t\t\t\t<div class=\"elementor-element elementor-element-0041cd3 elementor-widget elementor-widget-spacer\" data-id=\"0041cd3\" data-element_type=\"widget\" data-e-type=\"widget\" data-widget_type=\"spacer.default\">\n\t\t\t\t\t\t\t<div class=\"elementor-spacer\">\n\t\t\t<div class=\"elementor-spacer-inner\"><\/div>\n\t\t<\/div>\n\t\t\t\t\t\t<\/div>\n\t\t\t\t\t<\/div>\n\t\t\t\t<\/div>\n\t\t\t\t<section class=\"elementor-section elementor-top-section elementor-element elementor-element-a18dd19 elementor-section-boxed elementor-section-height-default elementor-section-height-default\" data-id=\"a18dd19\" data-element_type=\"section\" data-e-type=\"section\">\n\t\t\t\t\t\t<div class=\"elementor-container elementor-column-gap-default\">\n\t\t\t\t\t<div class=\"elementor-column elementor-col-50 elementor-top-column elementor-element elementor-element-07c2ad2\" data-id=\"07c2ad2\" data-element_type=\"column\" data-e-type=\"column\">\n\t\t\t<div class=\"elementor-widget-wrap elementor-element-populated\">\n\t\t\t\t\t\t<div class=\"elementor-element elementor-element-0404622 elementor-widget elementor-widget-image\" data-id=\"0404622\" data-element_type=\"widget\" data-e-type=\"widget\" data-widget_type=\"image.default\">\n\t\t\t\t\t\t\t\t\t\t\t\t\t\t\t\t<a href=\"https:\/\/ege.exactas.uba.ar\/wp-content\/uploads\/2024\/11\/Por-el-Parana.jpeg\" data-elementor-open-lightbox=\"yes\" data-elementor-lightbox-title=\"Por el Paran\u00e1\" data-e-action-hash=\"#elementor-action%3Aaction%3Dlightbox%26settings%3DeyJpZCI6OTkzMiwidXJsIjoiaHR0cHM6XC9cL2VnZS5leGFjdGFzLnViYS5hclwvd3AtY29udGVudFwvdXBsb2Fkc1wvMjAyNFwvMTFcL1Bvci1lbC1QYXJhbmEuanBlZyJ9\">\n\t\t\t\t\t\t\t<img fetchpriority=\"high\" decoding=\"async\" width=\"800\" height=\"800\" src=\"https:\/\/ege.exactas.uba.ar\/wp-content\/uploads\/2024\/11\/Por-el-Parana-1024x1024.jpeg\" class=\"attachment-large size-large wp-image-9932\" alt=\"\" srcset=\"https:\/\/ege.exactas.uba.ar\/wp-content\/uploads\/2024\/11\/Por-el-Parana-1024x1024.jpeg 1024w, https:\/\/ege.exactas.uba.ar\/wp-content\/uploads\/2024\/11\/Por-el-Parana-300x300.jpeg 300w, https:\/\/ege.exactas.uba.ar\/wp-content\/uploads\/2024\/11\/Por-el-Parana-150x150.jpeg 150w, https:\/\/ege.exactas.uba.ar\/wp-content\/uploads\/2024\/11\/Por-el-Parana-768x768.jpeg 768w, https:\/\/ege.exactas.uba.ar\/wp-content\/uploads\/2024\/11\/Por-el-Parana-1536x1536.jpeg 1536w, https:\/\/ege.exactas.uba.ar\/wp-content\/uploads\/2024\/11\/Por-el-Parana.jpeg 1600w\" sizes=\"(max-width: 800px) 100vw, 800px\" \/>\t\t\t\t\t\t\t\t<\/a>\n\t\t\t\t\t\t\t\t\t\t\t\t\t\t\t<\/div>\n\t\t\t\t\t<\/div>\n\t\t<\/div>\n\t\t\t\t<div class=\"elementor-column elementor-col-50 elementor-top-column elementor-element elementor-element-bce42d7\" data-id=\"bce42d7\" data-element_type=\"column\" data-e-type=\"column\">\n\t\t\t<div class=\"elementor-widget-wrap elementor-element-populated\">\n\t\t\t\t\t\t<div class=\"elementor-element elementor-element-f7843fd elementor-widget elementor-widget-text-editor\" data-id=\"f7843fd\" data-element_type=\"widget\" data-e-type=\"widget\" data-widget_type=\"text-editor.default\">\n\t\t\t\t\t\t\t\t\t<h3 style=\"text-align: center;\"><span style=\"color: #333300;\"><strong><img decoding=\"async\" class=\"emoji\" role=\"img\" draggable=\"false\" src=\"https:\/\/s.w.org\/images\/core\/emoji\/16.0.1\/svg\/1f4e2.svg\" alt=\"\ud83d\udce2\" \/>\u00a0 Martes 26 de Noviembre, 14 hs en el <\/strong><strong>Aula\u00a0 1403 del\u00a0 0 + infinito<\/strong><\/span><\/h3><p><span style=\"color: #003366;\">Resumen del documental:<\/span><\/p><p style=\"text-align: center;\"><span style=\"color: #003366;\">Dos documentalistas apasionados del r\u00edo se aventuran\u00a0<span class=\"il\">en<\/span>\u00a0un viaje a lo\u00a0largo de la cuenca del\u00a0<span class=\"il\">Paran\u00e1<\/span>\u00a0para explorar la profunda realidad\u00a0ribere\u00f1a. La traves\u00eda revela\u00a0<span class=\"il\">el<\/span>\u00a0enfrentamiento que existe entre los\u00a0gigantes megabarcos del comercio internacional\u00a0<span class=\"il\">con<\/span>\u00a0los pescadores,\u00a0isleros y comunidades locales.\u00a0<span class=\"il\">En<\/span>\u00a0medio de la bajante m\u00e1s grande de la\u00a0historia, navegan d\u00eda a d\u00eda para defender su inquebrantable conexi\u00f3n\u00a0<span class=\"il\">con\u00a0<\/span><span class=\"il\">el<\/span>\u00a0agua y la biodiversidad.<\/span><\/p><p style=\"text-align: right;\"><span style=\"color: #003366;\">Direcci\u00f3n: Alejo di Risio, Franco Gonzalez<\/span><\/p>\t\t\t\t\t\t\t\t<\/div>\n\t\t\t\t\t<\/div>\n\t\t<\/div>\n\t\t\t\t\t<\/div>\n\t\t<\/section>\n\t\t\t\t<section class=\"elementor-section elementor-top-section elementor-element elementor-element-ed8e4f6 elementor-section-boxed elementor-section-height-default elementor-section-height-default\" data-id=\"ed8e4f6\" data-element_type=\"section\" data-e-type=\"section\">\n\t\t\t\t\t\t<div class=\"elementor-container elementor-column-gap-default\">\n\t\t\t\t\t<div class=\"elementor-column elementor-col-100 elementor-top-column elementor-element elementor-element-137dff0\" data-id=\"137dff0\" data-element_type=\"column\" data-e-type=\"column\">\n\t\t\t<div class=\"elementor-widget-wrap elementor-element-populated\">\n\t\t\t\t\t\t<div class=\"elementor-element elementor-element-f98503e elementor-widget elementor-widget-text-editor\" data-id=\"f98503e\" data-element_type=\"widget\" data-e-type=\"widget\" data-widget_type=\"text-editor.default\">\n\t\t\t\t\t\t\t\t\t<h4 style=\"text-align: center;\">Proyecci\u00f3n y Charla debate posterior<\/h4><p style=\"text-align: center;\">Luego de la proyecci\u00f3n se abrir\u00e1 un espacio de debate\u00a0<span class=\"il\">con<\/span>\u00a0la presencia\u00a0de los directores, la productora, Claudia Aruquipa y la especialista\u00a0<span class=\"il\">en\u00a0<\/span>ecolog\u00eda fluvial, Dra. Melina Devercelli (INALI CONICET, INA).<\/p><p style=\"text-align: center;\"><span class=\"il\">El<\/span>\u00a0r\u00edo es todo,\u00a0<span class=\"il\">el<\/span>\u00a0r\u00edo es la vida. Son los relatos de las personas que a\u00a0lo largo de la cuenca viven\u00a0<span class=\"il\">en<\/span>\u00a0profunda conexi\u00f3n\u00a0<span class=\"il\">con<\/span>\u00a0<span class=\"il\">el<\/span>\u00a0r\u00edo, su\u00a0identidad, su cultura. Cuentan\u00a0<span class=\"il\">en<\/span>\u00a0sus historias las profundas\u00a0consecuencias de avanzar hacia una privatizaci\u00f3n. Las miradas que s\u00f3lo\u00a0reducen\u00a0<span class=\"il\">el<\/span>\u00a0r\u00edo a un canal de transporte son negacionistas\u00a0<span class=\"il\">en<\/span>\u00a0un contexto\u00a0de crisis clim\u00e1tica que se profundiza. \u00bfC\u00f3mo no pensar\u00a0<span class=\"il\">en<\/span>\u00a0los riesgos\u00a0ecol\u00f3gicos de estos proyectos despu\u00e9s de que la ciudad de Victoria se\u00a0qued\u00f3 sin agua?<\/p><p style=\"text-align: center;\">Se espera que\u00a0<span class=\"il\">en<\/span>\u00a0diciembre se llame a licitaci\u00f3n y que para marzo\u00a0nuestra cuenca haya sido nuevamente privatizada. A pedido de las grandes<br \/>agroexportadoras, se va a profundizar a\u00fan m\u00e1s\u00a0<span class=\"il\">el<\/span>\u00a0canal. Quieren otorgar\u00a0la concesi\u00f3n a 30 a\u00f1os,\u00a0<span class=\"il\">con<\/span>\u00a0posibilidad de renovarse otros 30; o sea<br \/>hasta 2085, tiempo equivalente a 15 mandatos presidenciales.<\/p><h4 style=\"text-align: center;\">\u00a1Les esperamos!<\/h4>\t\t\t\t\t\t\t\t<\/div>\n\t\t\t\t\t<\/div>\n\t\t<\/div>\n\t\t\t\t\t<\/div>\n\t\t<\/section>\n\t\t\t\t<\/div>\n\t\t","protected":false},"excerpt":{"rendered":"<p>Documental: Por el Paran\u00e1 Instagram Youtube Facebook \u00a0 Martes 26 de Noviembre, 14 hs en el Aula\u00a0 1403 del\u00a0 0 + infinito Resumen del documental: Dos documentalistas apasionados del r\u00edo se aventuran\u00a0en\u00a0un viaje a lo\u00a0largo de la cuenca del\u00a0Paran\u00e1\u00a0para explorar la profunda realidad\u00a0ribere\u00f1a. La traves\u00eda revela\u00a0el\u00a0enfrentamiento que existe entre los\u00a0gigantes megabarcos del comercio internacional\u00a0con\u00a0los pescadores,\u00a0isleros [&hellip;]<\/p>\n","protected":false},"author":1,"featured_media":9939,"comment_status":"closed","ping_status":"closed","sticky":false,"template":"","format":"standard","meta":{"footnotes":""},"categories":[8],"tags":[],"class_list":["post-9779","post","type-post","status-publish","format-standard","has-post-thumbnail","hentry","category-eventos"],"_links":{"self":[{"href":"https:\/\/ege.exactas.uba.ar\/index.php\/wp-json\/wp\/v2\/posts\/9779","targetHints":{"allow":["GET"]}}],"collection":[{"href":"https:\/\/ege.exactas.uba.ar\/index.php\/wp-json\/wp\/v2\/posts"}],"about":[{"href":"https:\/\/ege.exactas.uba.ar\/index.php\/wp-json\/wp\/v2\/types\/post"}],"author":[{"embeddable":true,"href":"https:\/\/ege.exactas.uba.ar\/index.php\/wp-json\/wp\/v2\/users\/1"}],"replies":[{"embeddable":true,"href":"https:\/\/ege.exactas.uba.ar\/index.php\/wp-json\/wp\/v2\/comments?post=9779"}],"version-history":[{"count":12,"href":"https:\/\/ege.exactas.uba.ar\/index.php\/wp-json\/wp\/v2\/posts\/9779\/revisions"}],"predecessor-version":[{"id":13774,"href":"https:\/\/ege.exactas.uba.ar\/index.php\/wp-json\/wp\/v2\/posts\/9779\/revisions\/13774"}],"wp:featuredmedia":[{"embeddable":true,"href":"https:\/\/ege.exactas.uba.ar\/index.php\/wp-json\/wp\/v2\/media\/9939"}],"wp:attachment":[{"href":"https:\/\/ege.exactas.uba.ar\/index.php\/wp-json\/wp\/v2\/media?parent=9779"}],"wp:term":[{"taxonomy":"category","embeddable":true,"href":"https:\/\/ege.exactas.uba.ar\/index.php\/wp-json\/wp\/v2\/categories?post=9779"},{"taxonomy":"post_tag","embeddable":true,"href":"https:\/\/ege.exactas.uba.ar\/index.php\/wp-json\/wp\/v2\/tags?post=9779"}],"curies":[{"name":"wp","href":"https:\/\/api.w.org\/{rel}","templated":true}]}}