{"id":9702,"date":"2024-10-18T09:14:25","date_gmt":"2024-10-18T12:14:25","guid":{"rendered":"https:\/\/ege.exactas.uba.ar\/?p=9702"},"modified":"2025-11-05T11:21:44","modified_gmt":"2025-11-05T14:21:44","slug":"fortaleciendo-la-soberania-a-traves-del-conocimiento-cientifico","status":"publish","type":"post","link":"https:\/\/ege.exactas.uba.ar\/index.php\/2024\/10\/18\/fortaleciendo-la-soberania-a-traves-del-conocimiento-cientifico\/","title":{"rendered":"&#8220;XXVIII Reuni\u00f3n Cient\u00edfica del Grupo Argentino de Bioestad\u00edstica&#8221;"},"content":{"rendered":"\t\t<div data-elementor-type=\"wp-post\" data-elementor-id=\"9702\" class=\"elementor elementor-9702\">\n\t\t\t\t<div class=\"elementor-element elementor-element-a2d4ed1 e-con-full e-flex e-con e-parent\" data-id=\"a2d4ed1\" data-element_type=\"container\" data-e-type=\"container\" data-settings=\"{&quot;background_background&quot;:&quot;slideshow&quot;,&quot;background_slideshow_gallery&quot;:[{&quot;id&quot;:129,&quot;url&quot;:&quot;https:\\\/\\\/test.ege.fcen.uba.ar\\\/wp-content\\\/uploads\\\/2025\\\/09\\\/Wallpaper-Exactas-15.jpg&quot;},{&quot;id&quot;:128,&quot;url&quot;:&quot;https:\\\/\\\/test.ege.fcen.uba.ar\\\/wp-content\\\/uploads\\\/2025\\\/09\\\/Wallpaper-Exactas-13.jpg&quot;},{&quot;id&quot;:127,&quot;url&quot;:&quot;https:\\\/\\\/test.ege.fcen.uba.ar\\\/wp-content\\\/uploads\\\/2025\\\/09\\\/Wallpaper-Exactas-9.jpg&quot;},{&quot;id&quot;:301,&quot;url&quot;:&quot;https:\\\/\\\/test.ege.fcen.uba.ar\\\/wp-content\\\/uploads\\\/2025\\\/09\\\/facunoreste.jpg&quot;},{&quot;id&quot;:302,&quot;url&quot;:&quot;https:\\\/\\\/test.ege.fcen.uba.ar\\\/wp-content\\\/uploads\\\/2025\\\/09\\\/frante-bandera.jpg&quot;},{&quot;id&quot;:303,&quot;url&quot;:&quot;https:\\\/\\\/test.ege.fcen.uba.ar\\\/wp-content\\\/uploads\\\/2025\\\/09\\\/Tero-real5b-scaled-e1758734796954.jpg&quot;},{&quot;id&quot;:304,&quot;url&quot;:&quot;https:\\\/\\\/test.ege.fcen.uba.ar\\\/wp-content\\\/uploads\\\/2025\\\/09\\\/Wallpaper-Exactas-4-e1758734846738.jpg&quot;},{&quot;id&quot;:305,&quot;url&quot;:&quot;https:\\\/\\\/test.ege.fcen.uba.ar\\\/wp-content\\\/uploads\\\/2025\\\/09\\\/Wallpaper-Exactas-7.jpg&quot;}],&quot;background_slideshow_slide_duration&quot;:6000,&quot;background_slideshow_transition_duration&quot;:1500,&quot;background_slideshow_lazyload&quot;:&quot;yes&quot;,&quot;background_slideshow_ken_burns&quot;:&quot;yes&quot;,&quot;background_slideshow_ken_burns_zoom_direction&quot;:&quot;out&quot;,&quot;background_slideshow_loop&quot;:&quot;yes&quot;,&quot;background_slideshow_slide_transition&quot;:&quot;fade&quot;}\">\n\t\t<div class=\"elementor-element elementor-element-6c38da9 e-flex e-con-boxed e-con e-child\" data-id=\"6c38da9\" data-element_type=\"container\" data-e-type=\"container\">\n\t\t\t\t\t<div class=\"e-con-inner\">\n\t\t\t\t<div class=\"elementor-element elementor-element-90fa0eb elementor-widget__width-initial elementor-widget elementor-widget-heading\" data-id=\"90fa0eb\" data-element_type=\"widget\" data-e-type=\"widget\" data-widget_type=\"heading.default\">\n\t\t\t\t\t<h2 class=\"elementor-heading-title elementor-size-default\">Diego Caraballo - Premio al Investigador Latinoamericano George M. Baer.<\/h2>\t\t\t\t<\/div>\n\t\t\t\t\t<\/div>\n\t\t\t\t<\/div>\n\t\t<div class=\"elementor-element elementor-element-6913db2 e-con-full e-flex e-con e-child\" data-id=\"6913db2\" data-element_type=\"container\" data-e-type=\"container\">\n\t\t<div class=\"elementor-element elementor-element-5dcaa34 e-con-full elementor-hidden-tablet elementor-hidden-mobile e-flex e-con e-child\" data-id=\"5dcaa34\" data-element_type=\"container\" data-e-type=\"container\">\n\t\t\t\t<div class=\"elementor-element elementor-element-b008cb0 elementor-widget elementor-widget-image\" data-id=\"b008cb0\" data-element_type=\"widget\" data-e-type=\"widget\" data-widget_type=\"image.default\">\n\t\t\t\t\t\t\t\t\t\t\t\t\t\t\t<img decoding=\"async\" width=\"150\" height=\"150\" src=\"https:\/\/ege.exactas.uba.ar\/wp-content\/uploads\/2025\/09\/logo-mini-250X250-e1757987013995-150x150.png\" class=\"attachment-thumbnail size-thumbnail wp-image-16\" alt=\"Logo Mini EGE IEGEBA\" \/>\t\t\t\t\t\t\t\t\t\t\t\t\t\t\t<\/div>\n\t\t\t\t<\/div>\n\t\t\t\t<\/div>\n\t\t\t\t<\/div>\n\t\t\t\t<section class=\"elementor-section elementor-top-section elementor-element elementor-element-54a5b9f elementor-section-boxed elementor-section-height-default elementor-section-height-default\" data-id=\"54a5b9f\" data-element_type=\"section\" data-e-type=\"section\">\n\t\t\t\t\t\t<div class=\"elementor-container elementor-column-gap-default\">\n\t\t\t\t\t<div class=\"elementor-column elementor-col-100 elementor-top-column elementor-element elementor-element-ae9be82\" data-id=\"ae9be82\" data-element_type=\"column\" data-e-type=\"column\">\n\t\t\t<div class=\"elementor-widget-wrap elementor-element-populated\">\n\t\t\t\t\t\t<div class=\"elementor-element elementor-element-8f24acc elementor-widget__width-initial elementor-widget elementor-widget-image\" data-id=\"8f24acc\" data-element_type=\"widget\" data-e-type=\"widget\" data-widget_type=\"image.default\">\n\t\t\t\t\t\t\t\t\t\t\t\t\t\t\t\t<a href=\"https:\/\/gab.com.ar\/reunion-cientifica-2024\/\" target=\"_blank\" rel=\"nofollow\">\n\t\t\t\t\t\t\t<img fetchpriority=\"high\" decoding=\"async\" width=\"547\" height=\"312\" src=\"https:\/\/ege.exactas.uba.ar\/wp-content\/uploads\/2024\/10\/img.png\" class=\"attachment-medium_large size-medium_large wp-image-9707\" alt=\"\" srcset=\"https:\/\/ege.exactas.uba.ar\/wp-content\/uploads\/2024\/10\/img.png 547w, https:\/\/ege.exactas.uba.ar\/wp-content\/uploads\/2024\/10\/img-300x171.png 300w\" sizes=\"(max-width: 547px) 100vw, 547px\" \/>\t\t\t\t\t\t\t\t<\/a>\n\t\t\t\t\t\t\t\t\t\t\t\t\t\t\t<\/div>\n\t\t\t\t\t<\/div>\n\t\t<\/div>\n\t\t\t\t\t<\/div>\n\t\t<\/section>\n\t\t\t\t<section class=\"elementor-section elementor-top-section elementor-element elementor-element-e058a63 elementor-section-boxed elementor-section-height-default elementor-section-height-default\" data-id=\"e058a63\" data-element_type=\"section\" data-e-type=\"section\">\n\t\t\t\t\t\t<div class=\"elementor-container elementor-column-gap-default\">\n\t\t\t\t\t<div class=\"elementor-column elementor-col-100 elementor-top-column elementor-element elementor-element-5beafb7\" data-id=\"5beafb7\" data-element_type=\"column\" data-e-type=\"column\">\n\t\t\t<div class=\"elementor-widget-wrap elementor-element-populated\">\n\t\t\t\t\t\t<div class=\"elementor-element elementor-element-cdeb5bc elementor-widget elementor-widget-text-editor\" data-id=\"cdeb5bc\" data-element_type=\"widget\" data-e-type=\"widget\" data-widget_type=\"text-editor.default\">\n\t\t\t\t\t\t\t\t\t<p style=\"text-align: left;\">Entre el 7 y el 11 de octubre pasado se celebr\u00f3 en el Edificio Cero+Infinito de la Facultad de Ciencias Exactas y Naturales &#8211; Universidad de Buenos Aires (FCEN-UBA) la &#8220;XXVIII Reuni\u00f3n Cient\u00edfica del Grupo Argentino de Bioestad\u00edstica&#8221;. Atravesados por la situaci\u00f3n adversa de recorte y desfinanciamiento del sistema de ciencia y t\u00e9cnica y de universidades p\u00fablicas nacionales, el lema de la reuni\u00f3n fue\u00a0 \u201cFortaleciendo la Soberan\u00eda a trav\u00e9s del Conocimiento Cient\u00edfico\u201d. As\u00ed, apostamos a fortalecer las capacidades y los lazos de una comunidad cient\u00edfica que trabaja en estad\u00edstica, ciencias de datos e inform\u00e1tica, convencidos de que el aporte de este conocimiento es esencial a las pol\u00edticas basadas en evidencia. Durante el encuentro, por el que pasaron alrededor de 200 personas, se dictaron<a href=\"https:\/\/gab.com.ar\/cursos-2024\/\" target=\"_blank\" rel=\"noopener noreferrer\" data-saferedirecturl=\"https:\/\/www.google.com\/url?q=https:\/\/gab.com.ar\/cursos-2024\/&amp;source=gmail&amp;ust=1729339274717000&amp;usg=AOvVaw1KflwOtdcTuDr4v_s_6wX6\">\u00a05 mini-cursos<\/a>,\u00a0\u00a0<a href=\"https:\/\/gab.com.ar\/conferencias-2024\/\" target=\"_blank\" rel=\"noopener noreferrer\" data-saferedirecturl=\"https:\/\/www.google.com\/url?q=https:\/\/gab.com.ar\/conferencias-2024\/&amp;source=gmail&amp;ust=1729339274717000&amp;usg=AOvVaw1ysDb4H1XTt8yTdKAhug0K\">8 conferencias<\/a>,\u00a0\u00a0<a href=\"https:\/\/gab.com.ar\/conferencias-2024\/\" target=\"_blank\" rel=\"noopener noreferrer\" data-saferedirecturl=\"https:\/\/www.google.com\/url?q=https:\/\/gab.com.ar\/conferencias-2024\/&amp;source=gmail&amp;ust=1729339274717000&amp;usg=AOvVaw1ysDb4H1XTt8yTdKAhug0K\">7 talleres<\/a>,\u00a0\u00a0<a href=\"https:\/\/gab.com.ar\/mesas-redondas-2024\/\" target=\"_blank\" rel=\"noopener noreferrer\" data-saferedirecturl=\"https:\/\/www.google.com\/url?q=https:\/\/gab.com.ar\/mesas-redondas-2024\/&amp;source=gmail&amp;ust=1729339274717000&amp;usg=AOvVaw0j-Q1T7FMbjRHLmguucpfT\">2 mesas redondas<\/a>, involucrando un total de 28 expositores de diversas partes de Argentina y tambi\u00e9n del exterior, referentes en diversas tem\u00e1ticas, y se presentaron 110 trabajos de investigaci\u00f3n en modalidad\u00a0<a href=\"https:\/\/gab.com.ar\/trabajos-gab-2024\/\" target=\"_blank\" rel=\"noopener noreferrer\" data-saferedirecturl=\"https:\/\/www.google.com\/url?q=https:\/\/gab.com.ar\/trabajos-gab-2024\/&amp;source=gmail&amp;ust=1729339274717000&amp;usg=AOvVaw07upTvUvD_lKqnbthU93oG\">p\u00f3ster y presentaciones orales<\/a>. Se otorgaron 25 becas de ayuda econ\u00f3mica para la asistencia al evento, que cubrieron gastos de inscripci\u00f3n y\/o de pasajes. Adem\u00e1s, durante el evento se celebr\u00f3 el\u00a0<a href=\"https:\/\/gab.com.ar\/jovenes-biometristas-2024\/\" target=\"_blank\" rel=\"noopener noreferrer\" data-saferedirecturl=\"https:\/\/www.google.com\/url?q=https:\/\/gab.com.ar\/jovenes-biometristas-2024\/&amp;source=gmail&amp;ust=1729339274717000&amp;usg=AOvVaw11i2mhW3k1X5c02iXSKeVQ\">concurso j\u00f3venes biometristas<\/a>, cuyo objetivo es tanto difundir el papel fundamental de la bioestad\u00edstica en la generaci\u00f3n de conocimiento como promover la participaci\u00f3n e integraci\u00f3n de estudiantes universitarios de grado y posgrado en la reuni\u00f3n. Este a\u00f1o se presentaron 15 equipos conformados por 24 estudiantes pertenecientes a universidades nacionales y centros de investigaci\u00f3n del pa\u00eds.\u00a0<\/p>\t\t\t\t\t\t\t\t<\/div>\n\t\t\t\t<div class=\"elementor-element elementor-element-78e2a31 elementor-widget elementor-widget-text-editor\" data-id=\"78e2a31\" data-element_type=\"widget\" data-e-type=\"widget\" data-widget_type=\"text-editor.default\">\n\t\t\t\t\t\t\t\t\t<p dir=\"ltr\">La participaci\u00f3n del DEGE en la reuni\u00f3n fue destacada, tanto en cantidad de asistentes como presentadores y miembros del comit\u00e9 organizador y acad\u00e9mico.\u00a0<\/p><p dir=\"ltr\">Dentro de las actividades del congreso, Regino Cavia estuvo a cargo, junto con Anibal Carbajo, del curso &#8220;Introducci\u00f3n a la geoestad\u00edstica: dependencia espacial \u00bfruido o informaci\u00f3n?&#8221;, y Mariela Mi\u00f1o form\u00f3 parte de la mesa redonda de ense\u00f1anza de la estad\u00edstica. Mart\u00edn Graziano fue co-organizador del concurso J\u00f3venes Biometristas y el jurado de la categor\u00eda nivel grado estuvo conformado por Mart\u00edn Graziano junto con Adelia Gonzalez Arzac. Todos los integrantes del Grupo de Bioestad\u00edstica Aplicada conformaron el comit\u00e9 organizador local y varios de ellos el comit\u00e9 evaluador de trabajos. Uno de los equipos ganadores del concurso j\u00f3venes biometristas, categor\u00eda posgrado,\u00a0 estuvo conformado por doctorandos del EGE.<\/p>\t\t\t\t\t\t\t\t<\/div>\n\t\t\t\t<div class=\"elementor-element elementor-element-c1c1581 elementor-widget elementor-widget-text-editor\" data-id=\"c1c1581\" data-element_type=\"widget\" data-e-type=\"widget\" data-widget_type=\"text-editor.default\">\n\t\t\t\t\t\t\t\t\t<p dir=\"ltr\">Agradecemos a quienes generosamente han dedicado su tiempo a evaluar, coordinar y presentar actividades permitiendo ofrecer un variado y nutrido programa de excelente calidad, a la direcci\u00f3n del DEGE y a los miembros del CODEP por brindar su valioso apoyo en la realizaci\u00f3n del evento, tanto en financiamiento como de soporte log\u00edstico.\u00a0<\/p>\t\t\t\t\t\t\t\t<\/div>\n\t\t\t\t\t<\/div>\n\t\t<\/div>\n\t\t\t\t\t<\/div>\n\t\t<\/section>\n\t\t\t\t<section class=\"elementor-section elementor-top-section elementor-element elementor-element-832496f elementor-section-boxed elementor-section-height-default elementor-section-height-default\" data-id=\"832496f\" data-element_type=\"section\" data-e-type=\"section\">\n\t\t\t\t\t\t<div class=\"elementor-container elementor-column-gap-default\">\n\t\t\t\t\t<div class=\"elementor-column elementor-col-100 elementor-top-column elementor-element elementor-element-2971d55\" data-id=\"2971d55\" data-element_type=\"column\" data-e-type=\"column\">\n\t\t\t<div class=\"elementor-widget-wrap elementor-element-populated\">\n\t\t\t\t\t\t<div class=\"elementor-element elementor-element-b1205d4 elementor-widget elementor-widget-text-editor\" data-id=\"b1205d4\" data-element_type=\"widget\" data-e-type=\"widget\" data-widget_type=\"text-editor.default\">\n\t\t\t\t\t\t\t\t\t<h4 style=\"text-align: center;\">Comisi\u00f3n Organizadora GAB 2024<\/h4><div><p style=\"text-align: center;\">Teresa Boca, Pablo Cipriotti, Gerardo Cueto, Magdalena Damiani Quiroz, Mar\u00eda Soledad Fern\u00e1ndez, Nicol\u00e1s Flaibani, Tom\u00e1s Gonz\u00e1lez Garello, Santiago Guidobono, Mathias L\u00f3pez, Pablo Nu\u00f1ez, Adriana P\u00e9rez, Valent\u00edn Rozenblit, Marina Valdora (UBA) y Elisa Helman (UNLP). Colaboraron: Melisa Guti\u00e9rrez, Ailen Altamirano, Solange Montilla y Mart\u00edn Echeverr\u00eda (UBA).\u00a0<\/p><\/div>\t\t\t\t\t\t\t\t<\/div>\n\t\t\t\t\t<\/div>\n\t\t<\/div>\n\t\t\t\t\t<\/div>\n\t\t<\/section>\n\t\t\t\t<\/div>\n\t\t","protected":false},"excerpt":{"rendered":"<p>Diego Caraballo &#8211; Premio al Investigador Latinoamericano George M. Baer. Entre el 7 y el 11 de octubre pasado se celebr\u00f3 en el Edificio Cero+Infinito de la Facultad de Ciencias Exactas y Naturales &#8211; Universidad de Buenos Aires (FCEN-UBA) la &#8220;XXVIII Reuni\u00f3n Cient\u00edfica del Grupo Argentino de Bioestad\u00edstica&#8221;. Atravesados por la situaci\u00f3n adversa de recorte [&hellip;]<\/p>\n","protected":false},"author":1,"featured_media":9707,"comment_status":"closed","ping_status":"closed","sticky":false,"template":"","format":"standard","meta":{"footnotes":""},"categories":[7],"tags":[],"class_list":["post-9702","post","type-post","status-publish","format-standard","has-post-thumbnail","hentry","category-noticias"],"_links":{"self":[{"href":"https:\/\/ege.exactas.uba.ar\/index.php\/wp-json\/wp\/v2\/posts\/9702","targetHints":{"allow":["GET"]}}],"collection":[{"href":"https:\/\/ege.exactas.uba.ar\/index.php\/wp-json\/wp\/v2\/posts"}],"about":[{"href":"https:\/\/ege.exactas.uba.ar\/index.php\/wp-json\/wp\/v2\/types\/post"}],"author":[{"embeddable":true,"href":"https:\/\/ege.exactas.uba.ar\/index.php\/wp-json\/wp\/v2\/users\/1"}],"replies":[{"embeddable":true,"href":"https:\/\/ege.exactas.uba.ar\/index.php\/wp-json\/wp\/v2\/comments?post=9702"}],"version-history":[{"count":3,"href":"https:\/\/ege.exactas.uba.ar\/index.php\/wp-json\/wp\/v2\/posts\/9702\/revisions"}],"predecessor-version":[{"id":13171,"href":"https:\/\/ege.exactas.uba.ar\/index.php\/wp-json\/wp\/v2\/posts\/9702\/revisions\/13171"}],"wp:featuredmedia":[{"embeddable":true,"href":"https:\/\/ege.exactas.uba.ar\/index.php\/wp-json\/wp\/v2\/media\/9707"}],"wp:attachment":[{"href":"https:\/\/ege.exactas.uba.ar\/index.php\/wp-json\/wp\/v2\/media?parent=9702"}],"wp:term":[{"taxonomy":"category","embeddable":true,"href":"https:\/\/ege.exactas.uba.ar\/index.php\/wp-json\/wp\/v2\/categories?post=9702"},{"taxonomy":"post_tag","embeddable":true,"href":"https:\/\/ege.exactas.uba.ar\/index.php\/wp-json\/wp\/v2\/tags?post=9702"}],"curies":[{"name":"wp","href":"https:\/\/api.w.org\/{rel}","templated":true}]}}