{"id":14299,"date":"2026-03-31T15:27:17","date_gmt":"2026-03-31T18:27:17","guid":{"rendered":"https:\/\/ege.exactas.uba.ar\/?p=14299"},"modified":"2026-03-31T15:47:16","modified_gmt":"2026-03-31T18:47:16","slug":"semanas-de-las-ciencias-2026-en-exactas-y-naturales","status":"publish","type":"post","link":"https:\/\/ege.exactas.uba.ar\/index.php\/2026\/03\/31\/semanas-de-las-ciencias-2026-en-exactas-y-naturales\/","title":{"rendered":"Semanas de las ciencias 2026 en Exactas y Naturales"},"content":{"rendered":"\t\t<div data-elementor-type=\"wp-post\" data-elementor-id=\"14299\" class=\"elementor elementor-14299\">\n\t\t\t\t<div class=\"elementor-element elementor-element-4eb14ce e-con-full e-flex e-con e-parent\" data-id=\"4eb14ce\" data-element_type=\"container\" data-e-type=\"container\" data-settings=\"{&quot;background_background&quot;:&quot;slideshow&quot;,&quot;background_slideshow_gallery&quot;:[{&quot;id&quot;:129,&quot;url&quot;:&quot;https:\\\/\\\/ege.exactas.uba.ar\\\/wp-content\\\/uploads\\\/2025\\\/09\\\/Wallpaper-Exactas-15.jpg&quot;},{&quot;id&quot;:128,&quot;url&quot;:&quot;https:\\\/\\\/ege.exactas.uba.ar\\\/wp-content\\\/uploads\\\/2025\\\/09\\\/Wallpaper-Exactas-13.jpg&quot;},{&quot;id&quot;:127,&quot;url&quot;:&quot;https:\\\/\\\/ege.exactas.uba.ar\\\/wp-content\\\/uploads\\\/2025\\\/09\\\/Wallpaper-Exactas-9.jpg&quot;},{&quot;id&quot;:301,&quot;url&quot;:&quot;https:\\\/\\\/ege.exactas.uba.ar\\\/wp-content\\\/uploads\\\/2025\\\/09\\\/facunoreste.jpg&quot;},{&quot;id&quot;:305,&quot;url&quot;:&quot;https:\\\/\\\/ege.exactas.uba.ar\\\/wp-content\\\/uploads\\\/2025\\\/09\\\/Wallpaper-Exactas-7.jpg&quot;}],&quot;background_slideshow_slide_duration&quot;:6000,&quot;background_slideshow_transition_duration&quot;:1500,&quot;background_slideshow_lazyload&quot;:&quot;yes&quot;,&quot;background_slideshow_ken_burns&quot;:&quot;yes&quot;,&quot;background_slideshow_ken_burns_zoom_direction&quot;:&quot;out&quot;,&quot;background_slideshow_loop&quot;:&quot;yes&quot;,&quot;background_slideshow_slide_transition&quot;:&quot;fade&quot;}\">\n\t\t<div class=\"elementor-element elementor-element-7e744b6 e-flex e-con-boxed e-con e-child\" data-id=\"7e744b6\" data-element_type=\"container\" data-e-type=\"container\">\n\t\t\t\t\t<div class=\"e-con-inner\">\n\t\t\t\t<div class=\"elementor-element elementor-element-56a8a4c elementor-widget__width-initial elementor-widget elementor-widget-heading\" data-id=\"56a8a4c\" data-element_type=\"widget\" data-e-type=\"widget\" data-widget_type=\"heading.default\">\n\t\t\t\t\t<h2 class=\"elementor-heading-title elementor-size-default\">Semanas de las Ciencias 2026\n <\/h2>\t\t\t\t<\/div>\n\t\t\t\t\t<\/div>\n\t\t\t\t<\/div>\n\t\t<div class=\"elementor-element elementor-element-037be25 e-con-full e-flex e-con e-child\" data-id=\"037be25\" data-element_type=\"container\" data-e-type=\"container\">\n\t\t<div class=\"elementor-element elementor-element-4c3a6e3 e-con-full elementor-hidden-tablet elementor-hidden-mobile e-flex e-con e-child\" data-id=\"4c3a6e3\" data-element_type=\"container\" data-e-type=\"container\">\n\t\t\t\t<div class=\"elementor-element elementor-element-495f880 elementor-widget elementor-widget-image\" data-id=\"495f880\" data-element_type=\"widget\" data-e-type=\"widget\" data-widget_type=\"image.default\">\n\t\t\t\t\t\t\t\t\t\t\t\t\t\t\t<img decoding=\"async\" width=\"150\" height=\"150\" src=\"https:\/\/ege.exactas.uba.ar\/wp-content\/uploads\/2025\/09\/logo-mini-250X250-e1757987013995-150x150.png\" class=\"attachment-thumbnail size-thumbnail wp-image-16\" alt=\"Logo Mini EGE IEGEBA\" \/>\t\t\t\t\t\t\t\t\t\t\t\t\t\t\t<\/div>\n\t\t\t\t<\/div>\n\t\t\t\t<\/div>\n\t\t\t\t<\/div>\n\t\t\t\t<section class=\"elementor-section elementor-top-section elementor-element elementor-element-e058a63 elementor-section-boxed elementor-section-height-default elementor-section-height-default\" data-id=\"e058a63\" data-element_type=\"section\" data-e-type=\"section\">\n\t\t\t\t\t\t<div class=\"elementor-container elementor-column-gap-default\">\n\t\t\t\t\t<div class=\"elementor-column elementor-col-100 elementor-top-column elementor-element elementor-element-5beafb7\" data-id=\"5beafb7\" data-element_type=\"column\" data-e-type=\"column\">\n\t\t\t<div class=\"elementor-widget-wrap elementor-element-populated\">\n\t\t\t\t\t\t<div class=\"elementor-element elementor-element-17c69fd elementor-widget elementor-widget-image\" data-id=\"17c69fd\" data-element_type=\"widget\" data-e-type=\"widget\" data-widget_type=\"image.default\">\n\t\t\t\t\t\t\t\t\t\t\t\t\t\t\t<img fetchpriority=\"high\" decoding=\"async\" width=\"438\" height=\"391\" src=\"https:\/\/ege.exactas.uba.ar\/wp-content\/uploads\/2026\/03\/sc26.jpg\" class=\"attachment-large size-large wp-image-14305\" alt=\"\" srcset=\"https:\/\/ege.exactas.uba.ar\/wp-content\/uploads\/2026\/03\/sc26.jpg 438w, https:\/\/ege.exactas.uba.ar\/wp-content\/uploads\/2026\/03\/sc26-300x268.jpg 300w\" sizes=\"(max-width: 438px) 100vw, 438px\" \/>\t\t\t\t\t\t\t\t\t\t\t\t\t\t\t<\/div>\n\t\t\t\t<div class=\"elementor-element elementor-element-d07fc35 elementor-widget elementor-widget-text-editor\" data-id=\"d07fc35\" data-element_type=\"widget\" data-e-type=\"widget\" data-widget_type=\"text-editor.default\">\n\t\t\t\t\t\t\t\t\t<p>Las <strong>Semanas de las Ciencias<\/strong>\u00a0son eventos de comunicaci\u00f3n p\u00fablica de las ciencias exactas y naturales destinados a\u00a0<strong>escuelas secundarias<\/strong>, a excepci\u00f3n de la Semana de la Ense\u00f1anza de las Ciencias que tiene como p\u00fablico a docentes y estudiantes de profesorados de Ciencias Exactas y Naturales. El a\u00f1o pasado, las Semanas de las Ciencias cumplieron su\u00a0<strong>25\u00ba aniversario.\u00a0<\/strong>Te invitamos a seguir la serie\u00a0\u00abCapsulas del tiempo\u00bb en el canal de YouTube del equipo de Popularizaci\u00f3n de Exactas donde celebramos y revisitamos la trayectoria de este programa que se transform\u00f3, con el correr de los a\u00f1os, en un s\u00edmbolo de la Facultad representativo del v\u00ednculo con la comunidad de la escuela secundaria.<\/p><p>Les esperamos en el Pabell\u00f3n 1, Pabell\u00f3n 2 y Edificio Cero + Infinito de Ciudad Universitaria con charlas, talleres participativos, visitas guiadas, demostraciones y estaciones interactivas sobre Matem\u00e1tica, Ciencias de Datos, Ciencias de la Tierra, F\u00edsica, <span style=\"color: #008000;\"><strong>Biolog\u00eda (4,5 y 6 de agosto)<\/strong><\/span>, Computaci\u00f3n, Qu\u00edmica y Alimentos.\u00a0<b>Todas las actividades requieren inscripci\u00f3n previa. El formulario se habilita en la web entre 60 y 45 d\u00edas antes de cada Semana.<\/b><\/p>\t\t\t\t\t\t\t\t<\/div>\n\t\t\t\t\t<\/div>\n\t\t<\/div>\n\t\t\t\t\t<\/div>\n\t\t<\/section>\n\t\t\t\t<\/div>\n\t\t","protected":false},"excerpt":{"rendered":"<p>Semanas de las Ciencias 2026 Las Semanas de las Ciencias\u00a0son eventos de comunicaci\u00f3n p\u00fablica de las ciencias exactas y naturales destinados a\u00a0escuelas secundarias, a excepci\u00f3n de la Semana de la Ense\u00f1anza de las Ciencias que tiene como p\u00fablico a docentes y estudiantes de profesorados de Ciencias Exactas y Naturales. El a\u00f1o pasado, las Semanas de [&hellip;]<\/p>\n","protected":false},"author":1,"featured_media":14305,"comment_status":"closed","ping_status":"closed","sticky":false,"template":"","format":"standard","meta":{"footnotes":""},"categories":[8],"tags":[],"class_list":["post-14299","post","type-post","status-publish","format-standard","has-post-thumbnail","hentry","category-eventos"],"_links":{"self":[{"href":"https:\/\/ege.exactas.uba.ar\/index.php\/wp-json\/wp\/v2\/posts\/14299","targetHints":{"allow":["GET"]}}],"collection":[{"href":"https:\/\/ege.exactas.uba.ar\/index.php\/wp-json\/wp\/v2\/posts"}],"about":[{"href":"https:\/\/ege.exactas.uba.ar\/index.php\/wp-json\/wp\/v2\/types\/post"}],"author":[{"embeddable":true,"href":"https:\/\/ege.exactas.uba.ar\/index.php\/wp-json\/wp\/v2\/users\/1"}],"replies":[{"embeddable":true,"href":"https:\/\/ege.exactas.uba.ar\/index.php\/wp-json\/wp\/v2\/comments?post=14299"}],"version-history":[{"count":10,"href":"https:\/\/ege.exactas.uba.ar\/index.php\/wp-json\/wp\/v2\/posts\/14299\/revisions"}],"predecessor-version":[{"id":14311,"href":"https:\/\/ege.exactas.uba.ar\/index.php\/wp-json\/wp\/v2\/posts\/14299\/revisions\/14311"}],"wp:featuredmedia":[{"embeddable":true,"href":"https:\/\/ege.exactas.uba.ar\/index.php\/wp-json\/wp\/v2\/media\/14305"}],"wp:attachment":[{"href":"https:\/\/ege.exactas.uba.ar\/index.php\/wp-json\/wp\/v2\/media?parent=14299"}],"wp:term":[{"taxonomy":"category","embeddable":true,"href":"https:\/\/ege.exactas.uba.ar\/index.php\/wp-json\/wp\/v2\/categories?post=14299"},{"taxonomy":"post_tag","embeddable":true,"href":"https:\/\/ege.exactas.uba.ar\/index.php\/wp-json\/wp\/v2\/tags?post=14299"}],"curies":[{"name":"wp","href":"https:\/\/api.w.org\/{rel}","templated":true}]}}